{"id":239,"date":"2015-08-19T18:44:39","date_gmt":"2015-08-19T16:44:39","guid":{"rendered":"https:\/\/www.marbellaunique.com\/blog\/es\/?p=239"},"modified":"2018-02-14T17:38:48","modified_gmt":"2018-02-14T16:38:48","slug":"marbella-vuelta-ciclista-espana","status":"publish","type":"post","link":"https:\/\/www.marbellaunique.com\/es\/239-marbella-vuelta-ciclista-espana","title":{"rendered":"Marbella y La Vuelta Ciclista Espa\u00f1a 2015"},"content":{"rendered":"<p>Por su 70\u00ba edici\u00f3n y la conmemoraci\u00f3n del 80\u00ba aniversario, <strong>Marbella Unique Properties<\/strong> se congratula de comunicarles que \u2018La Vuelta Ciclista Espa\u00f1a 2015\u2019 comenzar\u00e1 a rodar este S\u00e1bado 22 de Agosto desde <em>Puerto Ban\u00fas<\/em>.<\/p>\n<p>Tras la configuraci\u00f3n de la vuelta 2015 con el nombre \u2018Costa del Sol-Madrid\u2019 los organismos de Marbella se pusieron manos a la obra para conseguir que nuestra ciudad fuera punto clave de la competici\u00f3n, y que por su 80\u00ba aniversario disfrutara del reformado Paseo Mar\u00edtimo. Ello ayudar\u00e1 al deleite de los aficionados al ciclismo, con una selecci\u00f3n de im\u00e1genes y puntos de vista inigualables, as\u00ed los telespectadores podr\u00e1n intuir lo que se siente aqu\u00ed. Ya que a pesar de la dificultad y dudas que generaba este tramo gracias al trabajo realizado todo se recorrer\u00e1 por el \u00a0Paseo Mar\u00edtimo pasando por <a href=\"https:\/\/www.marbellaunique.com\/propiedades\/marbella+golden+mile\/\">Milla de Oro<\/a> hasta llegar al Puerto Deportivo y podremos disfrutar del mar, el sol y unas temperaturas inmejorables para fomentar las cualidades de la ciudad, ya que eso es lo que brinda Marbella a todo el que tiene la suerte de conocerla.<\/p>\n<p>Desde el viernes 21 de Agosto, se comenzar\u00e1 a delimitar todo el trayecto que los equipos de ciclismos recorrer\u00e1n, y por una vez Puerto Ban\u00fas cambiar\u00e1 el rugido de sus coches de lujo por una de las mayores competiciones de ciclismo de Europa, muy seguida en pa\u00edses como Francia, Italia u\u00a0 Holanda. Todo ello conllevar\u00e1 un nuevo impulso medi\u00e1tico para la ciudad, imposible en mejor momento debido al incremento \u00a0que se est\u00e1 experimentando en la compraventa y alquileres de propiedades en Marbella. Desde luego que no s\u00f3lo el sol o nuestra gastronom\u00eda\u00a0 son los \u00fanicos <a href=\"https:\/\/www.marbellaunique.com\/blog\/es\/204-razones-comprar-casa-marbella.html\">motivos para elegir Marbella<\/a>. Se ampl\u00eda en bastantes variables cuando se habla de deportes. Ya muy conocidos aqu\u00ed son el golf o el p\u00e1del (con parte de la historia de su origen anclada a Marbella). Toda \u2018La Costa del Sol\u2019 tiene infraestructuras y capacidad para acoger este tipo de eventos deportivos de primer nivel. Se puede recordar por ejemplo la acogida de las eliminatorias de \u2018Copa Davis\u2019 celebradas tambi\u00e9n en Puerto Ban\u00fas en el a\u00f1o 2009, campeonatos de atletismo o waterpolo; as\u00ed como la Copa del Rey de Baloncesto o simplemente la elecci\u00f3n de Marbella por parte de muchos equipos de m\u00e1ximo nivel para la preparaci\u00f3n de sus pretemporadas (Bayern de Munich, Feyenoord de Rotterdam o Anzh\u00ed Ruso entre otros).<\/p>\n<p>La expectaci\u00f3n que se espera es m\u00e1xima, se calcula una media de 200.000 aficionados, a lo largo de todo el recorrido, lo que puede ayudar a comprender la importancia de este evento.\u00a0Javier Guill\u00e9n (Director de la vuelta ciclista) cont\u00f3 con la ayuda de Luis \u00c1ngel Mat\u00e9, ciclista profesional y ciudadano Marbell\u00ed, para la elaboraci\u00f3n del tramo que ser\u00e1 uno de los m\u00e1s curiosos en esta temporada, ya que tendr\u00e1 como m\u00ednimo cuatro superficies diferentes en la que los ciclistas rodar\u00e1n. Ser\u00e1n hormig\u00f3n, asfalto, albero y m\u00e1rmol, lo que dar\u00e1 como resultado una sesi\u00f3n de contrarreloj muy t\u00e9cnica y que har\u00e1 hincapi\u00e9 en la preparaci\u00f3n de los equipos m\u00e1s de lo que se pueda apreciar a simple vista. Puede que se use una quinto material para la tarima de llega a meta, ya que esta estar\u00e1 situada en la playa del Puerto Deportivo de Marbella.\u00a0 Seg\u00fan palabras de Guill\u00e9n, la salida \u201cser\u00e1 la joya de la corona de la Vuelta Espa\u00f1a 2015\u201d. Comenzar\u00e1 en el espig\u00f3n del faro de Puerto Ban\u00fas (esto ha conllevado un esfuerzo may\u00fasculo debido a que es de propiedad privada, as\u00ed como a lo largo del recorrido por diversos motivos). Los equipos de ciclismo llegar\u00e1n desde el mar en barco, lo que dar\u00e1 sin lugar a dudas una de las im\u00e1genes m\u00e1s bonitas del evento rodeados de los yates m\u00e1s lujosos, ese color blanco tan exclusivo y m\u00e1gico de <a href=\"https:\/\/www.marbellaunique.com\/propiedades\/marbella+-+puerto+banus\/\">Puerto Ban\u00fas<\/a>, junto con el azul del mar y del cielo\u2026 \u00a1Eso es la mejor\u00a0bandera de Marbella!<\/p>\n<p>Los equipos rodar\u00e1n ese trayecto en hormig\u00f3n y tras ello una curva de 90\u00ba y se dirigir\u00e1n a zonas de asfalto. M\u00e1s adelante se afrontar\u00e1 unos tres kil\u00f3metros sobre albero con un enlace al final de un kil\u00f3metro sobre m\u00e1rmol (curiosamente all\u00ed se encuentra una placa en honor a Mat\u00e9). Todo esto dar\u00e1 al recorrido para la contrarreloj por equipos una distancia total de 7.4 kil\u00f3metros, puerto a puerto, recorriendo toda la milla de oro.<\/p>\n<p>Los que posean <a href=\"https:\/\/www.marbellaunique.com\/propiedades\/ladoplaya-apartamentos+y+pisos\/\">apartamentos en primera l\u00ednea de playa<\/a>\u00a0de este espect\u00e1culo o est\u00e9n disfrutando de unas merecidas vacaciones en una propiedad as\u00ed, tendr\u00e1n este gran extra adem\u00e1s de la preciosa vista al mar que ya se tiene. Ellos tendr\u00e1n la opci\u00f3n de escoger la vibrante emoci\u00f3n a pie de pista, o la vista panor\u00e1mica desde el apartamento.<\/p>\n<p><strong>Marbella Unique Properties<\/strong> ofrece sus servicios para cualquier persona que quiera vivir esta experiencia en primera persona, pueda realizarlo. Ponemos en sus manos nuestra experiencia obtenida en el sector\u00a0 inmobiliario as\u00ed como una amplia\u00a0 cartera de propiedades. Si todav\u00eda est\u00e1 dudando de d\u00f3nde pasar sus vacaciones \u00bfPor qu\u00e9 no disfrutar del mejor clima del mediterr\u00e1neo con vistas directas a unos de los mayores eventos deportivos de Europa? Por favor no dude en <a href=\"https:\/\/www.marbellaunique.com\/contacto.html\">contactarnos<\/a>.<\/p>\n<style>.embed-container { position: relative; padding-bottom: 56.25%; height: 0; overflow: hidden; max-width: 100%; } .embed-container iframe, .embed-container object, .embed-container embed { position: absolute; top: 0; left: 0; width: 100%; height: 100%; }<\/style>\n<div class='embed-container'><iframe src='https:\/\/www.youtube.com\/embed\/6URkN1zAh80?rel=0' frameborder='0' allowfullscreen><\/iframe><\/div>\n","protected":false},"excerpt":{"rendered":"<p>Por su 70\u00ba edici\u00f3n y la conmemoraci\u00f3n del 80\u00ba aniversario, Marbella Unique Properties se congratula de comunicarles que \u2018La Vuelta Ciclista Espa\u00f1a 2015\u2019 comenzar\u00e1 a rodar este S\u00e1bado 22 de Agosto desde Puerto Ban\u00fas.<\/p>\n","protected":false},"author":2,"featured_media":5898,"comment_status":"closed","ping_status":"closed","sticky":false,"template":"","format":"standard","meta":{"footnotes":""},"categories":[23],"tags":[],"class_list":["post-239","post","type-post","status-publish","format-standard","has-post-thumbnail","hentry","category-noticias"],"_links":{"self":[{"href":"https:\/\/www.marbellaunique.com\/es\/wp-json\/wp\/v2\/posts\/239","targetHints":{"allow":["GET"]}}],"collection":[{"href":"https:\/\/www.marbellaunique.com\/es\/wp-json\/wp\/v2\/posts"}],"about":[{"href":"https:\/\/www.marbellaunique.com\/es\/wp-json\/wp\/v2\/types\/post"}],"author":[{"embeddable":true,"href":"https:\/\/www.marbellaunique.com\/es\/wp-json\/wp\/v2\/users\/2"}],"replies":[{"embeddable":true,"href":"https:\/\/www.marbellaunique.com\/es\/wp-json\/wp\/v2\/comments?post=239"}],"version-history":[{"count":1,"href":"https:\/\/www.marbellaunique.com\/es\/wp-json\/wp\/v2\/posts\/239\/revisions"}],"predecessor-version":[{"id":5899,"href":"https:\/\/www.marbellaunique.com\/es\/wp-json\/wp\/v2\/posts\/239\/revisions\/5899"}],"wp:featuredmedia":[{"embeddable":true,"href":"https:\/\/www.marbellaunique.com\/es\/wp-json\/wp\/v2\/media\/5898"}],"wp:attachment":[{"href":"https:\/\/www.marbellaunique.com\/es\/wp-json\/wp\/v2\/media?parent=239"}],"wp:term":[{"taxonomy":"category","embeddable":true,"href":"https:\/\/www.marbellaunique.com\/es\/wp-json\/wp\/v2\/categories?post=239"},{"taxonomy":"post_tag","embeddable":true,"href":"https:\/\/www.marbellaunique.com\/es\/wp-json\/wp\/v2\/tags?post=239"}],"curies":[{"name":"wp","href":"https:\/\/api.w.org\/{rel}","templated":true}]}}