{"id":26,"date":"2015-06-09T16:07:46","date_gmt":"2015-06-09T14:07:46","guid":{"rendered":"https:\/\/www.marbellaunique.com\/blog\/?p=26"},"modified":"2015-12-16T10:54:54","modified_gmt":"2015-12-16T09:54:54","slug":"festival-marbella-starlite-2015","status":"publish","type":"post","link":"https:\/\/www.marbellaunique.com\/es\/26-festival-marbella-starlite-2015","title":{"rendered":"Festival Startlite Marbella 2015"},"content":{"rendered":"<p><strong>Festival Starlite Marbella 2015<\/strong> celebra su cuarta edici\u00f3n este a\u00f1o. Un festival largo de verano ubicado en La Cantera de Marbella, justo detr\u00e1s de la ciudad de Marbella al lado de Sierra Blanca, un encantador anfiteatro al aire libre con un aforo de hasta 2.500 personas, rodeado de monta\u00f1as, de naturaleza y asentado bajo las estrellas!. Cada a\u00f1o se retiran las instalaciones temporales y el nuevo dise\u00f1o ser\u00e1 previsto para los eventos del siguiente a\u00f1o, cambi\u00e1ndolo ligeramente cumpliendo todas las necesidades para los nuevos conciertos. Starlite Marbella incluye conciertos de m\u00fasica, espect\u00e1culos de baile, de magia, arte, cine, exposiciones, gastronom\u00eda y divertidos desfiles de moda. La intimidad de Starlite Marbella ofrece a sus visitantes la oportunidad de rodearse de las estrellas en el escenario, entre el p\u00fablico, en las zonas de restaurantes as\u00ed como en la pista de baile, sin duda una experiencia inolvidable!<\/p>\n<p><img loading=\"lazy\" decoding=\"async\" src=\"https:\/\/www.marbellaunique.com\/blog\/wp-content\/uploads\/2015\/06\/Starlite-Festival-2015-Marbella-Unique-Properties-in-Puerto-Banus-1-Principal-1024x576.jpg\" alt=\"Starlite Festival 2015 Marbella\" width=\"1024\" height=\"576\" class=\"alignleft size-large wp-image-62\" srcset=\"https:\/\/www.marbellaunique.com\/wp-content\/uploads\/2015\/06\/Starlite-Festival-2015-Marbella-Unique-Properties-in-Puerto-Banus-1-Principal-1024x576.jpg 1024w, https:\/\/www.marbellaunique.com\/wp-content\/uploads\/2015\/06\/Starlite-Festival-2015-Marbella-Unique-Properties-in-Puerto-Banus-1-Principal-300x169.jpg 300w, https:\/\/www.marbellaunique.com\/wp-content\/uploads\/2015\/06\/Starlite-Festival-2015-Marbella-Unique-Properties-in-Puerto-Banus-1-Principal.jpg 1920w\" sizes=\"auto, (max-width: 1024px) 100vw, 1024px\" \/>La famosa Gala Starlite del 9 de agosto organizada por el actor Antonio Banderas recauda fondos para las fundaciones ben\u00e9ficas: Ni\u00f1os en Argelia y L\u00e1grimas y Favores.<\/p>\n<p>\u00bfCu\u00e1ndo?<\/p>\n<p>Este a\u00f1o Starlite Marbella comienza el 18 de julio hasta el 22 de agosto. Se inaugura con \u201cLos Premios Platino Edici\u00f3n II\u00bb, las industrias de cine de Iberoam\u00e9rica como evento principal con alfombra roja y la entrega de premios para las pel\u00edculas de habla hispana que se promueven en m\u00e1s de 23 pa\u00edses de habla hispana.<\/p>\n<p>Atrayendo a los artistas nacionales e internacionales m\u00e1s populares, este a\u00f1o participan en Starlite Marbella:<\/p>\n<p>Lenny Kravitz, Sinatra &#038; Friends, Pl\u00e1cido Domingo, Lionel Richie, Village People, Melendi, Julieta Venegas, Julio Iglesias, Roger Hodgson Formerly. of Supertramp, Laura Pausini (\u00fanico concierto en Espa\u00f1a), Ana Bel\u00e9n y Victor Manuel, Mago Pop, Sara Baras, India Mart\u00ednez y Pitingo (\u00fanico concierto en Espa\u00f1a), Enique Iglesias (\u00fanico concierto en Espa\u00f1a), Amaia Montero, Noche Movida, Vivancos, Antastacia, Symphonic Rhapsody of Queen, Alejandro Sanz y concluyendo el 22 de Agosto con Andrea Bocelli (\u00fanico concierto en Espa\u00f1a). <\/p>\n<p>A\u00f1os anteriores atrajo  a artistas internacionales como<\/p>\n<p>Ricky Martin, Tom Jones, Tony Bennet, Alejandro Fern\u00e1ndez, Pet Shop Boys, Mal\u00fa, Gloria gaynor, Sergio Dalma y Rosario entre otros.<br \/>\nAdi\u00f3s como dice Starlite: Le esperamos en Starlite!<\/p>\n","protected":false},"excerpt":{"rendered":"<p>Este a\u00f1o Starlite Marbella comienza el 18 de julio hasta el 22 de agosto. Se inaugura con \u201cLos Premios Platino Edici\u00f3n II\u00bb, las industrias de cine de Iberoam\u00e9rica como evento principal con alfombra roja y la entrega de premios para las pel\u00edculas de habla hispana que se promueven en m\u00e1s de 23 pa\u00edses de habla hispana.<\/p>\n","protected":false},"author":2,"featured_media":129,"comment_status":"closed","ping_status":"closed","sticky":false,"template":"","format":"standard","meta":{"footnotes":""},"categories":[23],"tags":[14],"class_list":["post-26","post","type-post","status-publish","format-standard","has-post-thumbnail","hentry","category-noticias","tag-marbella-golden-mile-es"],"_links":{"self":[{"href":"https:\/\/www.marbellaunique.com\/es\/wp-json\/wp\/v2\/posts\/26","targetHints":{"allow":["GET"]}}],"collection":[{"href":"https:\/\/www.marbellaunique.com\/es\/wp-json\/wp\/v2\/posts"}],"about":[{"href":"https:\/\/www.marbellaunique.com\/es\/wp-json\/wp\/v2\/types\/post"}],"author":[{"embeddable":true,"href":"https:\/\/www.marbellaunique.com\/es\/wp-json\/wp\/v2\/users\/2"}],"replies":[{"embeddable":true,"href":"https:\/\/www.marbellaunique.com\/es\/wp-json\/wp\/v2\/comments?post=26"}],"version-history":[{"count":1,"href":"https:\/\/www.marbellaunique.com\/es\/wp-json\/wp\/v2\/posts\/26\/revisions"}],"predecessor-version":[{"id":157,"href":"https:\/\/www.marbellaunique.com\/es\/wp-json\/wp\/v2\/posts\/26\/revisions\/157"}],"wp:featuredmedia":[{"embeddable":true,"href":"https:\/\/www.marbellaunique.com\/es\/wp-json\/wp\/v2\/media\/129"}],"wp:attachment":[{"href":"https:\/\/www.marbellaunique.com\/es\/wp-json\/wp\/v2\/media?parent=26"}],"wp:term":[{"taxonomy":"category","embeddable":true,"href":"https:\/\/www.marbellaunique.com\/es\/wp-json\/wp\/v2\/categories?post=26"},{"taxonomy":"post_tag","embeddable":true,"href":"https:\/\/www.marbellaunique.com\/es\/wp-json\/wp\/v2\/tags?post=26"}],"curies":[{"name":"wp","href":"https:\/\/api.w.org\/{rel}","templated":true}]}}