{"id":6117,"date":"2018-03-21T11:08:47","date_gmt":"2018-03-21T10:08:47","guid":{"rendered":"https:\/\/www.marbellaunique.com\/blog?p=6117"},"modified":"2018-03-21T11:08:47","modified_gmt":"2018-03-21T10:08:47","slug":"semana-santa-de-marbella","status":"publish","type":"post","link":"https:\/\/www.marbellaunique.com\/es\/6117-semana-santa-de-marbella","title":{"rendered":"La Semana Santa de Marbella"},"content":{"rendered":"<p>\u2018Andaluc\u00eda\u2019 y \u2018Semana Santa\u2019 son dos conceptos que nunca parecer ir separadas, que cogen a\u00fan m\u00e1s fuerza en sus palabras cuando se pronuncia juntas, gan\u00e1ndose un amplio reconocimiento internacional. Es uno de los eventos m\u00e1s importantes del a\u00f1o en toda la comunidad andaluza, y por ende resulta igualmente importante en Marbella. Las distintas hermandades de la ciudad compuestas por nuestros vecinos dan vida a la tradici\u00f3n que conmemora anualmente el acontecimiento de la pasi\u00f3n, muerte y resurrecci\u00f3n de Jes\u00fas de Nazaret. Por eso, es un per\u00edodo de intensa actividad lit\u00fargica dentro de las diversas confesiones cristianas y el resultado es embriagador. El paso de las procesiones por el Casco Antiguo, Nueva Andaluc\u00eda y San Pedro, mientras la gente se deleita con ellas siguiendo los recorridos, como todas las ciudades y pueblos andaluces, hace que sea palpable que Marbella tambi\u00e9n vive la Semana Santa con pasi\u00f3n\u2026<\/p>\n<p>Los protagonistas principales siempre suelen ser los tronos,\u00a0 grandes figuras son portadas en ellos, normalmente representando a Cristo o a la Virgen. Los tronos llevan una decoraci\u00f3n elaborada de oro o de plata, cientos de flores y docenas de velas. Pesan much\u00edsimo y hacen falta varias personas para poder llevarlos por las calles en su recorrido. Nazarenos (o penitentes) van delante de los tronos. Llevan t\u00fanicas y a veces capas adem\u00e1s de capirotes, velas o cruces. Pertenecen a las hermandades que tambi\u00e9n custodian los tronos. La ambientaci\u00f3n encuentra como \u00faltimo apoyo a las bandas de m\u00fasica tocan m\u00fasica solemne mientras las procesiones siguen su ruta por la ciudad.<\/p>\n<p>Cuando Comienza:<\/p>\n<p>La fecha de la Semana Santa es variable y las fechas pueden cambiar de un a\u00f1o a otro , no suele celebrarse antes del 22 de Marzo ni despu\u00e9s del 25 de Abril ya que va asociada a la primera luna llena tras el equinoccio de Marzo. Para este a\u00f1o 2018 la fecha es del 25 de Marzo al 01 de Abril.<\/p>\n<h2>Visitar Marbella durante la Semana Santa<\/h2>\n<p>En Semana Santa, la ciudad regala un fant\u00e1stico clima con d\u00edas soleados de 20 grados por lo que es un momento ideal para visitar Marbella en todo su esplendor. Desde Marbella Unique Properties ofrecemos una selecci\u00f3n de<a href=\"https:\/\/www.marbellaunique.com\/alquiler\/?rent_type=short&amp;cities[]=marbella&amp;cities[]=marbella+-+puerto+banus&amp;cities[]=marbella+este&amp;cities[]=marbella+golden+mile&amp;cities[]=nueva+andalucia\"><strong> propiedades de alquiler de corta temporada ideales para Semana Santa<\/strong><\/a> y cualquier otra \u00e9poca del a\u00f1o, pero si de lo contrario lo que est\u00e1n buscando es una propiedad permanente en Marbella donde poder disfrutar no solo de nuestra semana santa sino de lo que la ciudad ofrece el resto del a\u00f1o no dudes en preguntarnos por nuestras <a href=\"https:\/\/www.marbellaunique.com\/propiedades\/\"><strong>propiedades a la venta en Marbella<\/strong><\/a>.<\/p>\n<p><img loading=\"lazy\" decoding=\"async\" class=\"aligncenter size-full wp-image-6121\" src=\"https:\/\/www.marbellaunique.com\/blog\/wp-content\/uploads\/2018\/03\/semana-santa-en-marbella-itinerarios-y-horarios-inmobiliaria-marbella-unique-properties-2.jpg\" alt=\"Semana Santa en Marbella - Itinerarios y Horarios - Inmobiliaria Marbella Unique Properties\" width=\"1818\" height=\"770\" srcset=\"https:\/\/www.marbellaunique.com\/wp-content\/uploads\/2018\/03\/semana-santa-en-marbella-itinerarios-y-horarios-inmobiliaria-marbella-unique-properties-2.jpg 1818w, https:\/\/www.marbellaunique.com\/wp-content\/uploads\/2018\/03\/semana-santa-en-marbella-itinerarios-y-horarios-inmobiliaria-marbella-unique-properties-2-768x325.jpg 768w, https:\/\/www.marbellaunique.com\/wp-content\/uploads\/2018\/03\/semana-santa-en-marbella-itinerarios-y-horarios-inmobiliaria-marbella-unique-properties-2-1024x434.jpg 1024w\" sizes=\"auto, (max-width: 1818px) 100vw, 1818px\" \/><\/p>\n<p><strong><u>Horarios e itinerarios de las diferentes hermandades para \u00a0Semana Santa en el centro de Marbella:<\/u><\/strong><\/p>\n<h2><strong>Domingo de Ramos (25 de Marzo)<\/strong><\/h2>\n<p>+Cofrad\u00eda de Nuestro Padre Jes\u00fas de la Misericordia a su Entrada Triunfal en Jerusal\u00e9n y Mar\u00eda Sant\u00edsima de la Paz y Esperanza \u201cLa Pollinica\u201d<\/p>\n<p>Salida: 18:00 h. (Capilla San Juan de Dios)<\/p>\n<p>Itinerario: C\/ San Juan de Dios, Plaza Jos\u00e9 Palomo, C\/ Enrique del Castillo, Avda. Ram\u00f3n y Cajal, C\/ Huerta Chica, C\/ Peral, Plaza Puente de Ronda, C\/ Remedios, C\/ Virgen de los Dolores, C\/ Ortiz de Molinillo, C\/ Carmen, Plaza de la Iglesia, C\/ Trinidad, Plaza Santo Sepulcro, C\/ Salinas, C\/ Arte, Plaza Puente de M\u00e1laga, Avda. Nabeul, C\/ Marqu\u00e9s de N\u00e1jera, Plaza Practicante Manuel Cantos, C\/ Tetu\u00e1n, C\/ Enrique del Castillo, Plaza Jos\u00e9 Palomo, C\/ San Juan de Dios y a su templo.<\/p>\n<h2><strong>Lunes Santo (26 de Marzo)<\/strong><\/h2>\n<p>+Cofrad\u00eda del Santo Cristo de la Vera Cruz, Sant\u00edsimo Cristo Atado a la Columna y Mar\u00eda Sant\u00edsima Virgen Blanca<\/p>\n<p>Salida: 20:30 h. (Ermita Santo Cristo)<\/p>\n<p>Itinerario: Plaza Santo Cristo, C\/ Ancha, Plaza Puente de Ronda, C\/ Remedios, C\/ Virgen de los Dolores, C\/ Ortiz de Molinillo, C\/ Carmen, Plaza de la Iglesia, Iglesia Ntra. Sra. de la Encarnaci\u00f3n (Estaci\u00f3n de Penitencia), Plaza de la Iglesia, C\/ Trinidad, C\/ Salinas, C\/ Arte, C\/ Portada, C\/ Lobatas, C\/ Atarazanas, C\/ Postigos, C\/ Salvador Rueda, C\/ San Francisco, C\/ Leganitos, C\/ Aduar, C\/ Peral, Plaza Puente de Ronda, C\/ Ancha, Plaza Santo Cristo y a su templo.<\/p>\n<h2><strong>Martes Santo (27 de Marzo)<\/strong><\/h2>\n<p>+Hermandad de Nuestro Padre Jes\u00fas Cautivo, Mar\u00eda Sant\u00edsima de la Encarnaci\u00f3n, Santa Marta, San L\u00e1zaro y Mar\u00eda<\/p>\n<p>Salida: 21:00 h. (Iglesia Ntra. Sra. de la Encarnaci\u00f3n)<\/p>\n<p>Itinerario: Plaza de la Iglesia, C\/ Carmen, Plaza General Chinchilla, Plaza de los Naranjos, C\/ Estaci\u00f3n, Plaza de la Victoria, C\/ Pedraza, Avda. Ram\u00f3n y Cajal, C\/ F\u00e9lix Rodr\u00edguez de la Fuente, Avda. Nabeul, Plaza Puente de M\u00e1laga, C\/ Arte, C\/ Portada, C\/ Chorr\u00f3n, Plaza Puente de Ronda, C\/ Peral, C\/ Huerta Chica, Plaza de la Victoria, C\/ Estaci\u00f3n, Plaza de los Naranjos, Plaza General Chinchilla, C\/ Carmen, Plaza de la Iglesia y a su templo.<strong>\u00a0<\/strong><\/p>\n<h2><strong>Mi\u00e9rcoles Santo (28 de Marzo)<\/strong><\/h2>\n<p>+Real, Ilustre y Venerable Hermandad Sacramental de Nuestro Padre Jes\u00fas Nazareno, Mar\u00eda Sant\u00edsima del Mayor Dolor y Santo Sepulcro<\/p>\n<p>Salida: 20:30 h. (Iglesia Ntra. Sra. de la Encarnaci\u00f3n)<\/p>\n<p>Itinerario: Plaza de la Iglesia, C\/ Trinidad, C\/ Salinas, C\/ Arte, Plaza Puente de M\u00e1laga, Avda. Nabeul, C\/ Marqu\u00e9s de N\u00e1jera, Plaza Practicante Manuel Cantos, C\/ Tetu\u00e1n, C\/ Enrique del Castillo, Avda. Ram\u00f3n y Cajal, C\/ Huerta Chica, C\/ Peral, Plaza Puente de Ronda, C\/ Chorr\u00f3n, C\/ Portada, C\/ Arte, C\/ Salinas, C\/ Trinidad, Plaza de la Iglesia y a su templo.<\/p>\n<h2><strong>Jueves Santo (29 de Marzo)<\/strong><\/h2>\n<p>+Muy Ilustre, Venerable y Fervorosa Hermandad de Nazarenos y Cofrad\u00eda de Culto y Procesi\u00f3n del Sant\u00edsimo Cristo de la Exaltaci\u00f3n y Mar\u00eda Sant\u00edsima del Calvario<\/p>\n<p>Salida: 18:00 h. (Ermita del Calvario)<\/p>\n<p>Itinerario: Plaza de la Ermita, Avda. Huerta Bel\u00f3n, Avda. del Calvario, C\/ Jacinto Benavente, C\/ Castillejos, C\/ Peral, Plaza Puente de Ronda, C\/ Chorr\u00f3n, C\/ Portada, C\/ Arte, Plaza Puente de M\u00e1laga, Avda. Nabeul, C\/ F\u00e9lix Rodr\u00edguez de la Fuente, Avda. Ram\u00f3n y Cajal, C\/ Huerta Chica, C\/ Castillejos, C\/ Jacinto Benavente, Avda. del Calvario, Avda. Huerta Bel\u00f3n, Plaza de la Ermita y a su templo.<\/p>\n<p>+Antigua y Excelent\u00edsima Hermandad y Cofrad\u00eda de Nazarenos del Sant\u00edsimo Cristo del Amor, Mar\u00eda Sant\u00edsima de la Caridad y San Juan Evangelista<\/p>\n<p>Salida: 20:00 h. (Ermita de Santiago)<\/p>\n<p>Itinerario: Plaza de los Naranjos, C\/ Estaci\u00f3n, Plaza de la Victoria, C\/ Huerta Chica, C\/ Peral, Plaza Puente de Ronda, C\/ Chorr\u00f3n, C\/ Portada, C\/ Arte, Plaza Puente de M\u00e1laga, Avda. Nabeul, C\/ F\u00e9lix Rodr\u00edguez de la Fuente, Avda. Ram\u00f3n y Cajal, C\/ Huerta Chica, Plaza de la Victoria, C\/ Estaci\u00f3n, Plaza de los Naranjos y a su templo.<\/p>\n<h2><strong>Viernes Santo (30 de Marzo)<\/strong><\/h2>\n<p>+Real, Ilustre y Venerable Hermandad Sacramental de Nuestro Padre Jes\u00fas Nazareno, Mar\u00eda Sant\u00edsima del Mayor Dolor y Santo Sepulcro<\/p>\n<p>Salida: 21:00 h. (Capilla Santo Sepulcro)<\/p>\n<p>Itinerario: Plaza Santo Sepulcro, C\/ Trinidad, Plaza de la Iglesia, C\/ Carmen, C\/ Ortiz de Molinillo, C\/ Virgen de los Dolores, C\/ Remedios, Plaza Puente de Ronda, C\/ Ancha, C\/ San Francisco, C\/ Salvador Rueda, C\/ Juan Alameda, Plaza Puente de M\u00e1laga, Avda. Nabeul, C\/ Marqu\u00e9s de N\u00e1jera, Plaza Practicante Manuel Cantos, C\/ Tetu\u00e1n, C\/ Enrique del Castillo, Avda. Ram\u00f3n y Cajal, C\/ Huerta Chica, Plaza de la Victoria, C\/ Estaci\u00f3n, Plaza de los Naranjos, Plaza General Chinchilla, C\/ Carmen, Plaza de la Iglesia, Iglesia Ntra. Sra. de la Encarnaci\u00f3n (Estaci\u00f3n de Penitencia), Plaza de la Iglesia, C\/ Trinidad, Plaza Santo Sepulcro y a su templo.<\/p>\n<p>+Hermandad de Nuestra Se\u00f1ora de la Soledad<\/p>\n<p>Salida: 21:30 h. (Iglesia Ntra. Sra. de la Encarnaci\u00f3n)<\/p>\n<p>Itinerario: Plaza de la Iglesia, C\/ Carmen, C\/ Ortiz de Molinillo, C\/ Virgen de los Dolores, C\/ Remedios, Plaza Puente de Ronda, C\/ Ancha, C\/ San Francisco, C\/ Salvador Rueda, C\/ Juan Alameda, Plaza Puente de M\u00e1laga, Avda. Nabeul, C\/ Marqu\u00e9s de N\u00e1jera, Plaza Practicante Manuel Cantos, C\/ Tetu\u00e1n, C\/ Enrique del Castillo, Avda. Ram\u00f3n y Cajal, C\/ Huerta Chica, Plaza de la Victoria, C\/ Estaci\u00f3n, Plaza de los Naranjos, Plaza General Chinchilla, C\/ Carmen, Plaza de la Iglesia y a su templo.<\/p>\n<h2><strong>Domingo de Resurrecci\u00f3n (01 de Abril)<\/strong><\/h2>\n<p>Agrupaci\u00f3n de Hermandades y Cofrad\u00edas (Sant\u00edsimo Cristo Resucitado y Mar\u00eda Sant\u00edsima de la Victoria)<\/p>\n<p>Salida: 12:00 h. (Iglesia Ntra. Sra. de la Encarnaci\u00f3n)<\/p>\n<p>Itinerario: Plaza de la Iglesia, C\/ Trinidad, C\/Salinas, C\/Arte, C\/Nuestro Padre Jes\u00fas Nazarenos, Plaza Puente de M\u00e1laga, Avda. Nabeul, C\/Felix Rodr\u00edguez de la Fuente, Avda. Ram\u00f3n y Cajal, C\/Huerta Chica, Plaza de la Victoria, C\/Estaci\u00f3n, Plaza de los Naranjos, Plaza General Chinchilla, C\/Carmen, Plaza de la Iglesia y a su templo.<\/p>\n","protected":false},"excerpt":{"rendered":"<p>Horarios e itinerarios de las diferentes hermandades para \u00a0Semana Santa en el centro de Marbella<\/p>\n","protected":false},"author":2,"featured_media":6120,"comment_status":"closed","ping_status":"closed","sticky":false,"template":"","format":"standard","meta":{"footnotes":""},"categories":[23],"tags":[4],"class_list":["post-6117","post","type-post","status-publish","format-standard","has-post-thumbnail","hentry","category-noticias","tag-marbella-es"],"_links":{"self":[{"href":"https:\/\/www.marbellaunique.com\/es\/wp-json\/wp\/v2\/posts\/6117","targetHints":{"allow":["GET"]}}],"collection":[{"href":"https:\/\/www.marbellaunique.com\/es\/wp-json\/wp\/v2\/posts"}],"about":[{"href":"https:\/\/www.marbellaunique.com\/es\/wp-json\/wp\/v2\/types\/post"}],"author":[{"embeddable":true,"href":"https:\/\/www.marbellaunique.com\/es\/wp-json\/wp\/v2\/users\/2"}],"replies":[{"embeddable":true,"href":"https:\/\/www.marbellaunique.com\/es\/wp-json\/wp\/v2\/comments?post=6117"}],"version-history":[{"count":1,"href":"https:\/\/www.marbellaunique.com\/es\/wp-json\/wp\/v2\/posts\/6117\/revisions"}],"predecessor-version":[{"id":6126,"href":"https:\/\/www.marbellaunique.com\/es\/wp-json\/wp\/v2\/posts\/6117\/revisions\/6126"}],"wp:featuredmedia":[{"embeddable":true,"href":"https:\/\/www.marbellaunique.com\/es\/wp-json\/wp\/v2\/media\/6120"}],"wp:attachment":[{"href":"https:\/\/www.marbellaunique.com\/es\/wp-json\/wp\/v2\/media?parent=6117"}],"wp:term":[{"taxonomy":"category","embeddable":true,"href":"https:\/\/www.marbellaunique.com\/es\/wp-json\/wp\/v2\/categories?post=6117"},{"taxonomy":"post_tag","embeddable":true,"href":"https:\/\/www.marbellaunique.com\/es\/wp-json\/wp\/v2\/tags?post=6117"}],"curies":[{"name":"wp","href":"https:\/\/api.w.org\/{rel}","templated":true}]}}