{"id":8028,"date":"2019-11-30T12:43:22","date_gmt":"2019-11-30T11:43:22","guid":{"rendered":"https:\/\/www.marbellaunique.com\/blog?p=8028"},"modified":"2019-11-30T12:43:22","modified_gmt":"2019-11-30T11:43:22","slug":"navidad-marbella","status":"publish","type":"post","link":"https:\/\/www.marbellaunique.com\/es\/8028-navidad-marbella","title":{"rendered":"Cuenta atr\u00e1s a La Navidad en Marbella"},"content":{"rendered":"<p>\u00a1S\u00ed, la Navidad est\u00e1 en camino! Con muchos eventos en el calendario, Marbella celebra la llegada de la Navidad con estilo, lujo y entusiasmo, acompa\u00f1ada de temperaturas m\u00e1s frescas, pero no fr\u00edas, no se puede perder la cuenta atr\u00e1s para Navidad en Marbella.<\/p>\n<p>Con muchos eventos y actividades para disfrutar durante todo diciembre, Marbella da la bienvenida a los visitantes para celebrar el per\u00edodo previo a la Navidad. Ofreciendo el encendido de las luces de Navidad, eventos \u00fanicos de temporada, mercados y mucho m\u00e1s &#8230;<\/p>\n<h3><strong>Luces navide\u00f1as<\/strong><\/h3>\n<p>Este a\u00f1o la cuenta atr\u00e1s comienza esta semana con las luces navide\u00f1as encendidas en muchos pueblos y ciudades a lo largo de la costa:<\/p>\n<p><strong>Marbella<\/strong> ofrecer\u00e1 un \u00e1rbol de Navidad artificial de 20 metros de alto y estar\u00e1 acompa\u00f1ado de decoraciones a juego a lo largo de la Avenida del Mar y luces en toda la ciudad.<\/p>\n<p><strong>San Pedro<\/strong> este a\u00f1o ofrece una \u00abcatedral\u00bb de luces de 12 metros de altura en el centro de la ciudad, as\u00ed como sus hermosas iluminaciones de Boulevard.<\/p>\n<p><strong>Fuengirola<\/strong> del 29 de noviembre al 6 de enero Encendido a las 7:30 p.m., este a\u00f1o es una bola de Navidad iluminada gigante con pantalla de luz y sonido, as\u00ed como villancicos. Eventos diarios por la noche.<\/p>\n<p><strong>Estepona<\/strong>, la nieve artificial forma parte de las celebraciones de Estepona con las luces encendidas el 22 de noviembre en la Plaza Antonia Guerrero. El punto culminante del programa de las ciudades ser\u00e1 el 21 de diciembre con la visita de Pap\u00e1 Noel, acompa\u00f1ado de 3 chubascos de nieve artificiales a las 7,8 y 9pm.<\/p>\n<p>Se dice que las luces navide\u00f1as de <strong>M\u00e1laga<\/strong> son las segundas mejores de Espa\u00f1a, con un espect\u00e1culo de luz de 10.000 haces de luz acompa\u00f1ados de m\u00fasica, durante algunos a\u00f1os este espect\u00e1culo de luz se ha vuelto m\u00e1s popular y m\u00e1gico. El \u00abEncendido\u00bb oficial es el 29 de noviembre a las 6.30 p.m. y se encuentra en la Calle Larios (la popular calle peatonal de compras en el centro de la ciudad). Este evento contin\u00faa durante toda la temporada navide\u00f1a con m\u00faltiples espect\u00e1culos diarios y un \u00e1rbol de Navidad gigante en la Plaza de la Constituci\u00f3n. \u00a1Una experiencia navide\u00f1a verdaderamente m\u00e1gica!<\/p>\n<p>La divisi\u00f3n de Parques y Jardines del ayuntamiento de Marbella est\u00e1 embelleciendo la ciudad con 30.000 plantas de flor de pascua y otras especies navide\u00f1as. Plantar en las plazas p\u00fablicas, avenidas, en el centro de la ciudad y, por supuesto, en todos los barrios, creando \u00e1reas atractivas, acogedoras y sostenibles.<\/p>\n<h3><strong>Eventos Navide\u00f1os<\/strong><\/h3>\n<p>El programa de Navidad y Reyes Magos de Marbella para 2019-2020 cuenta con m\u00e1s de 50 actividades y entretenimientos para todas las edades, incluidas fiestas infantiles, mini grupos de campanas de Navidad, comidas tradicionales; bombones artesanales, bebidas y dulces, as\u00ed como alrededor de 10 grupos de zambomba grupos musicales.<\/p>\n<p>El programa de Navidad y Reyes Magos de las ciudades de San Pedro para 2019-2020 ofrece m\u00e1s de 30 actividades y espect\u00e1culos dirigidos a familias y ni\u00f1os, concentr\u00e1ndose especialmente en los ni\u00f1os y llevando el esp\u00edritu navide\u00f1o a las calles de San Pedro.<\/p>\n<h3><strong>Mercados Navide\u00f1os<\/strong><\/h3>\n<p>06\/12- \u201cPinares de Elviria\u201d &#8211; Este mercado est\u00e1 ubicado en la zona comercial de Elviria y se llevar\u00e1 a cabo durante el fin de semana con muchos puestos, actividades, conciertos y una visita de Santa.<\/p>\n<p>08\/12 &#8211; \u00abLa Virginia\u00bb &#8211; Ubicado en el pintoresco entorno de la comunidad de La Virginia, justo arriba de la Torre de Cobre en la entrada al centro de Marbella. Los residentes abren sus hogares y sirven comidas y bebidas, un evento de un d\u00eda de duraci\u00f3n, con productos artesanales y artesan\u00edas hechas por muchos artistas locales.<\/p>\n<p>08\/12 &#8211; \u00abBuchinger Wilhelmi Bazaar Navide\u00f1o\u00bb &#8211; Ubicado en la Cl\u00ednica Buchinger, Cascada Camojan. Un tradicional bazar navide\u00f1o que ofrece una amplia selecci\u00f3n de arte, artesan\u00edas, alimentos org\u00e1nicos, libros e informaci\u00f3n sobre salud y bienestar, acompa\u00f1ado de m\u00fasica en vivo y bebidas saludables.<\/p>\n<p>El mercado navide\u00f1o de Puerto Ban\u00fas est\u00e1 ubicado en la Plaza Antonio Banderas, justo al lado de nuestra oficina principal; Marbella Unique Properties, C \/ Jesus Puente Local 25. A partir de la tercera semana de diciembre hasta el 6 de enero, abierto de 11:00 a 18:00.<\/p>\n<p>El mercado navide\u00f1o de Fuengirola est\u00e1 idealmente ubicado en la Plaza de la Constituci\u00f3n, en el coraz\u00f3n de la ciudad, con encantadores puestos de estilo \u00abchoza\u00bb abiertos durante todo el mes de diciembre. D\u00e9 un paseo por las calles hasta el ayuntamiento, donde exhiben su \u00abBel\u00e9n\u00bb anual, que se ve mejor de noche cuando las luces de la calle est\u00e1n encendidas.<\/p>\n<p>M\u00e1laga tiene una maravillosa Feria de Navidad que tambi\u00e9n se celebra durante todo el mes de diciembre, ubicada en el Paseo del Parque, en el centro de la ciudad, donde puedes encontrar todo tipo de decoraciones y artesan\u00edas, especialmente las estatuas y accesorios tradicionales necesarios para crear el \u00abBel\u00e9n \u00bb en casa.<\/p>\n<p><strong>Marbella Unique Properties<\/strong> todav\u00eda tiene disponibilidad en apartamentos y villas para alquilar durante el per\u00edodo previo a la <a href=\"https:\/\/www.marbellaunique.com\/blog\/es\/7009-navidad-en-la-costa-del-sol.html\"><strong>Navidad<\/strong><\/a>, as\u00ed que \u00bfpor qu\u00e9 no planificar un viaje corto a <a href=\"https:\/\/www.marbellaunique.com\/blog\/es\/2821-marbella-navidad.html\"><strong>Marbella<\/strong><\/a>, disfrutar de las festividades, hacer las compras y entrar en la fiesta navide\u00f1a (acompa\u00f1ado de un invierno suave y agradable)? Por favor cont\u00e1ctenos para ver las <a href=\"https:\/\/www.marbellaunique.com\/propiedades\/\"><strong>propiedades que tenemos en oferta<\/strong><\/a>.<\/p>\n","protected":false},"excerpt":{"rendered":"<p>Marbella da la bienvenida a los visitantes para celebrar el per\u00edodo previo a la Navidad. Ofreciendo el encendido de las luces de Navidad, eventos \u00fanicos de temporada, mercados y mucho m\u00e1s<\/p>\n","protected":false},"author":2,"featured_media":8029,"comment_status":"closed","ping_status":"closed","sticky":false,"template":"","format":"standard","meta":{"footnotes":""},"categories":[23],"tags":[4],"class_list":["post-8028","post","type-post","status-publish","format-standard","has-post-thumbnail","hentry","category-noticias","tag-marbella-es"],"_links":{"self":[{"href":"https:\/\/www.marbellaunique.com\/es\/wp-json\/wp\/v2\/posts\/8028","targetHints":{"allow":["GET"]}}],"collection":[{"href":"https:\/\/www.marbellaunique.com\/es\/wp-json\/wp\/v2\/posts"}],"about":[{"href":"https:\/\/www.marbellaunique.com\/es\/wp-json\/wp\/v2\/types\/post"}],"author":[{"embeddable":true,"href":"https:\/\/www.marbellaunique.com\/es\/wp-json\/wp\/v2\/users\/2"}],"replies":[{"embeddable":true,"href":"https:\/\/www.marbellaunique.com\/es\/wp-json\/wp\/v2\/comments?post=8028"}],"version-history":[{"count":1,"href":"https:\/\/www.marbellaunique.com\/es\/wp-json\/wp\/v2\/posts\/8028\/revisions"}],"predecessor-version":[{"id":8039,"href":"https:\/\/www.marbellaunique.com\/es\/wp-json\/wp\/v2\/posts\/8028\/revisions\/8039"}],"wp:featuredmedia":[{"embeddable":true,"href":"https:\/\/www.marbellaunique.com\/es\/wp-json\/wp\/v2\/media\/8029"}],"wp:attachment":[{"href":"https:\/\/www.marbellaunique.com\/es\/wp-json\/wp\/v2\/media?parent=8028"}],"wp:term":[{"taxonomy":"category","embeddable":true,"href":"https:\/\/www.marbellaunique.com\/es\/wp-json\/wp\/v2\/categories?post=8028"},{"taxonomy":"post_tag","embeddable":true,"href":"https:\/\/www.marbellaunique.com\/es\/wp-json\/wp\/v2\/tags?post=8028"}],"curies":[{"name":"wp","href":"https:\/\/api.w.org\/{rel}","templated":true}]}}